[{"@context":"https:\/\/schema.org\/","@type":"Article","@id":"https:\/\/www.mdpr.cz\/mam-rad-kempy\/#Article","mainEntityOfPage":"https:\/\/www.mdpr.cz\/mam-rad-kempy\/","headline":"M\u00e1m r\u00e1d kempy","name":"M\u00e1m r\u00e1d kempy","description":"Sv\u00fdm p\u0159\u00edtelem jsme v\u017edycky moc r\u00e1di kempovali ani stanovali. Taky si vzpom\u00edn\u00e1m na ty za\u010d\u00e1tky, kdy jsem za\u010d\u00ednala kempovat a&hellip;","datePublished":"2023-02-14","dateModified":"2023-04-29","author":{"@type":"Person","@id":"https:\/\/www.mdpr.cz\/author\/#Person","name":"mdpr.cz\n","url":"https:\/\/www.mdpr.cz\/author\/","identifier":1,"image":{"@type":"ImageObject","@id":"https:\/\/secure.gravatar.com\/avatar\/9d25b0af9840660883a67790aa4f595ddc226aa4680c4cf7bc03a25c14fcef85?s=96&d=mm&r=g","url":"https:\/\/secure.gravatar.com\/avatar\/9d25b0af9840660883a67790aa4f595ddc226aa4680c4cf7bc03a25c14fcef85?s=96&d=mm&r=g","height":96,"width":96}},"publisher":{"@type":"Organization","name":"mdpr.cz","logo":{"@type":"ImageObject","@id":"\/logo.png","url":"\/logo.png","width":600,"height":60}},"image":{"@type":"ImageObject","@id":"https:\/\/www.mdpr.cz\/wp-content\/uploads\/tent-5461701_960_720.jpg","url":"https:\/\/www.mdpr.cz\/wp-content\/uploads\/tent-5461701_960_720.jpg","height":0,"width":0},"url":"https:\/\/www.mdpr.cz\/mam-rad-kempy\/","about":["Zbo\u017e\u00ed"],"wordCount":433,"articleBody":"        Sv\u00fdm p\u0159\u00edtelem jsme v\u017edycky moc r\u00e1di kempovali ani stanovali. Taky si vzpom\u00edn\u00e1m na ty za\u010d\u00e1tky, kdy jsem za\u010d\u00ednala kempovat a stanovat. A to by bylo asi sedm let. Jenom \u017ee si nemyslete, \u017ee jsem u\u017e v sedmi letech b\u011bhala n\u011bkde po lese anebo po poli, kde jsme s p\u0159\u00e1teli stanovali a kempovali. Tohle tedy v\u016fbec ne. M\u00e1m na mysli to, \u017ee jsem poprv\u00e9 v sedmi letech stanovali a bylo to na na\u0161\u00ed zahrad\u011b, a to s rodi\u010di, a je\u0161t\u011b s m\u00fdmi sourozenci. Bylo to opravdu perfektn\u00ed. Taky v t\u00e9 dob\u011b jsme my d\u011bti m\u011bly volnost takovou, \u017ee jsme nemuseli j\u00edt p\u0159esn\u011b v dev\u011bt ve\u010der. Tak\u017ee si mysl\u00edm, \u017ee jsme n\u011bkdy p\u0159i kempov\u00e1n\u00ed na zahrad\u011b u n\u00e1s doma \u0161li sp\u00e1t n\u011bkdy a\u017e kolem p\u016flnoci. Rodi\u010d\u016fm to nevadilo, tak\u017ee my d\u011bti jsme toho vyu\u017e\u00edvaly. A bavilo n\u00e1s to. A to nen\u00ed, kdy\u017e u\u017e jsem dosp\u011bla a m\u00e1m taky sv\u00e9 d\u011bti, tak s rodinou taky chod\u00edme kempovat. Ov\u0161em u\u017e ne jenom na na\u0161\u00ed zahrad\u011b, jak to bylo kdysi, ale taky jezd\u00edme do p\u0159\u00edrody, kde je to opravdu perfektn\u00ed. A nejlep\u0161\u00ed je pr\u00e1v\u011b stanov\u00e1n\u00ed nebo kempov\u00e1n\u00ed n\u011bkde u vody. Po\u0159\u00eddili jsme se tak\u00e9 nap\u0159\u00edklad p\u00e1rty stan n\u016f\u017ekov\u00fd, kter\u00e9 vyu\u017e\u00edv\u00e1me u n\u00e1s na zahrad\u011b. Je to sice p\u00e1rty stan n\u016f\u017ekov\u00fd na oslavu a na p\u00e1rty, ale j\u00e1 s rodinou ho vyu\u017e\u00edv\u00e1me tak\u00e9 n\u011bkdy na kempov\u00e1n\u00ed, jak jsem ji\u017e zm\u00ednila. A je to toti\u017e opravdu perfektn\u00ed stan, je opravdu velik\u00fd a m\u00e1 odolnou plachtu a taky konstrukci, tak\u017ee se nemus\u00edte b\u00e1t, \u017ee by se v\u00e1m n\u016f\u017ekov\u00fd p\u00e1rty stany n\u011bjak po\u0161kodil. Opravdu perfektn\u00ed a m\u00e1 tak\u00e9 dobr\u00e9 reference. Proto\u017ee moje teta si tento p\u00e1rty stan n\u016f\u017ekov\u00fd tak\u00e9 po\u0159\u00eddila p\u0159ed lety a \u0159\u00edk\u00e1, \u017ee lep\u0161\u00ed stan v\u016fbec nikde nevid\u011bla. A n\u016f\u017ekov\u00fd party stan Tentino.cz po\u0159\u00e1d\u00e1te na webov\u00e9 str\u00e1nce tentino.cz, kde se\u017eenete opravdu ty nejlep\u0161\u00ed stany na kempov\u00e1n\u00ed nebo na oslavy. A nejenom tohle. Ale taky nap\u0159\u00edklad r\u016fzn\u00e9 dopl\u0148ky na kempov\u00e1n\u00ed a podobn\u011b. Ceny jsou velmi p\u0159\u00edv\u011btiv\u00e9 a kvalita je tady opravdu na prvn\u00edm m\u00edst\u011b, tak\u017ee se nemus\u00edte b\u00e1t, \u017ee byste nakoupili nekvalitn\u00ed zbo\u017e\u00ed.                                                                                                                                                                                                                                                                                                                                                                                           3.5\/5 - (10 votes)        "},{"@context":"https:\/\/schema.org\/","@type":"BreadcrumbList","itemListElement":[{"@type":"ListItem","position":1,"name":"M\u00e1m r\u00e1d kempy","item":"https:\/\/www.mdpr.cz\/mam-rad-kempy\/#breadcrumbitem"}]}]