[{"@context":"https:\/\/schema.org\/","@type":"Article","@id":"https:\/\/www.mdpr.cz\/klimatizace-v-aute\/#Article","mainEntityOfPage":"https:\/\/www.mdpr.cz\/klimatizace-v-aute\/","headline":"Klimatizace v aut\u011b","name":"Klimatizace v aut\u011b","description":"V letn\u00edch m\u011bs\u00edc\u00edch, kdy m\u00e1me dovolenou se mus\u00edme dopravovat do pr\u00e1ce, na dovolenou, na n\u00e1kupy apod. Jsou to del\u0161\u00ed trasy,&hellip;","datePublished":"2022-07-23","dateModified":"2023-04-29","author":{"@type":"Person","@id":"https:\/\/www.mdpr.cz\/author\/#Person","name":"mdpr.cz\n","url":"https:\/\/www.mdpr.cz\/author\/","identifier":1,"image":{"@type":"ImageObject","@id":"https:\/\/secure.gravatar.com\/avatar\/9d25b0af9840660883a67790aa4f595ddc226aa4680c4cf7bc03a25c14fcef85?s=96&d=mm&r=g","url":"https:\/\/secure.gravatar.com\/avatar\/9d25b0af9840660883a67790aa4f595ddc226aa4680c4cf7bc03a25c14fcef85?s=96&d=mm&r=g","height":96,"width":96}},"publisher":{"@type":"Organization","name":"mdpr.cz","logo":{"@type":"ImageObject","@id":"\/logo.png","url":"\/logo.png","width":600,"height":60}},"image":{"@type":"ImageObject","@id":"https:\/\/www.mdpr.cz\/wp-content\/uploads\/klima%20v%20aut%C4%9B_1.jpg","url":"https:\/\/www.mdpr.cz\/wp-content\/uploads\/klima%20v%20aut%C4%9B_1.jpg","height":0,"width":0},"url":"https:\/\/www.mdpr.cz\/klimatizace-v-aute\/","about":["Zbo\u017e\u00ed"],"wordCount":408,"articleBody":"      V letn\u00edch m\u011bs\u00edc\u00edch, kdy m\u00e1me dovolenou se mus\u00edme dopravovat do pr\u00e1ce, na dovolenou, na n\u00e1kupy apod. Jsou to del\u0161\u00ed trasy, proto mus\u00edme jet autem. Dal\u0161\u00edm d\u016fvodem, pro\u010d mus\u00edme jet autem je, \u017ee pot\u0159ebujeme p\u0159ev\u00e9st n\u011bjak\u00e9 v\u011bci, kter\u00e9 jsou bu\u010f t\u011b\u017ek\u00e9 anebo je jich mnoho, a p\u011b\u0161ky anebo na jin\u00e9m dopravn\u00edm prost\u0159edku bychom to nezvl\u00e1dli. Jenom\u017ee se pr\u00e1v\u011b v t\u011bch letn\u00edch m\u011bs\u00edc\u00edch v t\u011bch autech ned\u00e1 v\u016fbec vydr\u017eet, proto\u017ee na auto pa\u0159\u00ed cel\u00fd den slunce a potom se v n\u011bm ned\u00e1 vydr\u017eet. Stalo se u\u017e hodn\u011b p\u0159\u00edpad\u016f, \u017ee rodi\u010de zapomn\u011bli sv\u00e9 d\u00edt\u011b v zav\u0159en\u00e9m, p\u0159eh\u0159\u00e1t\u00e9m aut\u011b. D\u00edt\u011b tam nechali n\u011bkolik hodin a kdy\u017e se vr\u00e1tili k autu, uvid\u011bli sv\u00e9 d\u00edt\u011b utonut\u00e9. Tohle u\u017e jsou extr\u00e9mn\u00ed p\u0159\u00edpady, ale jsou pravdiv\u00e9 a velmi smutn\u00e9, skoro a\u017e neuv\u011b\u0159iteln\u00e9. Abyste se vyvarovali takov\u00e9mu horku ve sv\u00e9m automobilu, bylo by nejlep\u0161\u00ed m\u00edt ve sv\u00e9m aut\u011b klimatizaci. M\u00e1te ji ve sv\u00e9m aut\u00ed\u010dku, ale nefunguje v\u00e1m? Pro to, aby klimatizace fungovala, pot\u0159ebujete m\u00edt v takov\u00e9m klimatiza\u010dn\u00edm syst\u00e9mu funk\u010dn\u00ed klimakompresor, kter\u00fd se \u010dasem tak\u00e9 opot\u0159ebov\u00e1v\u00e1. Tento klimakompresor stla\u010duje chlad\u00edc\u00ed kapalinu v klimatizaci. Klimakompresory se daj\u00ed renovovat a znovu pou\u017e\u00edt do aut. Kupte si klimakompresor Vw Sharan 7N 1K0820808F Woocar, kter\u00fd pasuje do Audi, \u0160kody, Volkswagenu a Seatu a u\u017e se nebudete muset p\u00e9ct v takov\u00e9m horku. Ud\u011bl\u00e1te radost jak sv\u00fdm d\u011btem, tak i sv\u00fdm dom\u00e1c\u00edm mazl\u00ed\u010dk\u016fm, konkr\u00e9tn\u011b ps\u016fm, proto\u017ee horko tito mazl\u00ed\u010dci \u0161patn\u011b zvl\u00e1daj\u00ed. Je jim v\u011bt\u0161\u00ed horko ne\u017e n\u00e1m a nemohou se potit. Ochlazuj\u00ed se pouze zrychlen\u00fdm d\u00fdch\u00e1n\u00edm tlamou. Ud\u011blejte si v letn\u00edch m\u011bs\u00edc\u00edch radost, kter\u00e1 v\u00e1s p\u0159\u00edjemn\u011b ochlad\u00ed a vytvo\u0159\u00ed v\u00e1m cestovn\u00ed pohodl\u00ed ve sv\u00e9m aut\u00ed\u010dku. Nebudete se u\u017e b\u00e1t dlouh\u00fdch cest na v\u00fdlety i do zahrani\u010d\u00ed. Do zahrani\u010d\u00ed pak budete moct jet i p\u0159es tepl\u00fd letn\u00ed den a nebudete muset jezdit unaven\u00ed p\u0159es noc, kdy je mal\u00e1 viditelnost na cest\u00e1ch.                                                                                                                                                                                                                                                                                                                                                                                         4.4\/5 - (10 votes)        "},{"@context":"https:\/\/schema.org\/","@type":"BreadcrumbList","itemListElement":[{"@type":"ListItem","position":1,"name":"Klimatizace v aut\u011b","item":"https:\/\/www.mdpr.cz\/klimatizace-v-aute\/#breadcrumbitem"}]}]